{
    "id": 10951,
    "date": "2025-05-07T13:39:10",
    "date_gmt": "2025-05-07T11:39:10",
    "guid": {
        "rendered": "https:\/\/upgrade.education\/?p=10951"
    },
    "modified": "2025-05-07T13:40:24",
    "modified_gmt": "2025-05-07T11:40:24",
    "slug": "stiinte-politice-la-sciences-po-franta-perspectiva-unei-studente",
    "status": "publish",
    "type": "post",
    "link": "https:\/\/upgrade.education\/en\/blog\/stiinte-politice-la-sciences-po-franta-perspectiva-unei-studente\/",
    "title": {
        "rendered": "\u0218tiin\u021be politice la Sciences Po, Fran\u021ba \u2013 perspectiva unei studente"
    },
    "content": {
        "rendered": "<div data-elementor-type=\"wp-post\" data-elementor-id=\"10951\" class=\"elementor elementor-10951\" data-elementor-post-type=\"post\">\n\t\t\t\t<div class=\"elementor-element elementor-element-c9ec1b5 e-flex e-con-boxed e-con e-parent\" data-id=\"c9ec1b5\" data-element_type=\"container\" data-e-type=\"container\">\n\t\t\t\t\t<div class=\"e-con-inner\">\n\t\t\t\t<div class=\"elementor-element elementor-element-f545f23 elementor-widget elementor-widget-text-editor\" data-id=\"f545f23\" data-element_type=\"widget\" data-e-type=\"widget\" data-widget_type=\"text-editor.default\">\n\t\t\t\t\t\t\t\t\t<p><b>Ioana Cernat<\/b><span style=\"font-weight: 400;\"> a studiat \u0219tiin\u021be politice la <a href=\"https:\/\/www.sciencespo.fr\/en\/\">Sciences Po<\/a>, una dintre cele mai respectate institu\u021bii de \u00eenv\u0103\u021b\u0103m\u00e2nt superior din Europa.\u00a0<\/span><\/p><p><span style=\"font-weight: 400;\">C\u00e2nd vorbe\u0219te despre anii ei de facultate, o face cu luciditate \u0219i cu un soi de pasiune calm\u0103. F\u0103r\u0103 cli\u0219ee \u0219i f\u0103r\u0103 romantism gratuit, dar <\/span><b>cu convingerea c\u0103 educa\u021bia politic\u0103 adev\u0103rat\u0103 nu are loc doar \u00een c\u0103r\u021bi, ci \u0219i \u00een mijlocul realit\u0103\u021bii politice \u00een desf\u0103\u0219urare.<\/b><\/p><p><span style=\"font-weight: 400;\">Am stat de vorb\u0103 cu Ioana \u00eentr-o perioad\u0103 \u00een care Rom\u00e2nia trece printr-o efervescen\u021b\u0103 politic\u0103 puternic\u0103.\u00a0<\/span><\/p><p><span style=\"font-weight: 400;\">Ne-am g\u00e2ndit la adolescen\u021bii care ajung la Upgrade, cei care viseaz\u0103 la studiul \u00een str\u0103in\u0103tate. \u0218i ne-am \u00eentrebat: <\/span><b>Ce \u00eenseamn\u0103, de fapt, s\u0103 \u00eenve\u021bi despre politic\u0103 \u00eentr-un mediu academic exigent?<\/b><span style=\"font-weight: 400;\"> Ce presupune o facultate precum Sciences Po? <\/span><b>\u0218i mai ales, pentru cine e potrivit\u0103?<\/b><\/p>\t\t\t\t\t\t\t\t<\/div>\n\t\t\t\t\t<\/div>\n\t\t\t\t<\/div>\n\t\t<div class=\"elementor-element elementor-element-47d4c33 e-flex e-con-boxed e-con e-parent\" data-id=\"47d4c33\" data-element_type=\"container\" data-e-type=\"container\">\n\t\t\t\t\t<div class=\"e-con-inner\">\n\t\t\t\t<div class=\"elementor-element elementor-element-c9afb1c elementor-widget elementor-widget-button\" data-id=\"c9afb1c\" data-element_type=\"widget\" data-e-type=\"widget\" data-widget_type=\"button.default\">\n\t\t\t\t\t\t\t\t\t\t<a class=\"elementor-button elementor-button-link elementor-size-sm\" href=\"https:\/\/eu1.hubs.ly\/H0jVlvk0\">\n\t\t\t\t\t\t<span class=\"elementor-button-content-wrapper\">\n\t\t\t\t\t\t\t\t\t<span class=\"elementor-button-text\"> \u00censcrie-te aici pentru o sesiune gratuit\u0103 cu un mentor Upgrade!<\/span>\n\t\t\t\t\t<\/span>\n\t\t\t\t\t<\/a>\n\t\t\t\t\t\t\t\t<\/div>\n\t\t\t\t\t<\/div>\n\t\t\t\t<\/div>\n\t\t<div class=\"elementor-element elementor-element-ccdeb52 e-flex e-con-boxed e-con e-parent\" data-id=\"ccdeb52\" data-element_type=\"container\" data-e-type=\"container\">\n\t\t\t\t\t<div class=\"e-con-inner\">\n\t\t\t\t<div class=\"elementor-element elementor-element-e898c19 elementor-widget elementor-widget-text-editor\" data-id=\"e898c19\" data-element_type=\"widget\" data-e-type=\"widget\" data-widget_type=\"text-editor.default\">\n\t\t\t\t\t\t\t\t\t<h2><b>Alegerile din realitate devin material de studiu<\/b><\/h2><p><span style=\"font-weight: 400;\">Una dintre primele surprize pe care Ioana le-a tr\u0103it ca student\u0103 la Sciences Po a fost c\u00e2t de <\/span>str\u00e2ns conectat era curriculumul de evenimentele politice reale<span style=\"font-weight: 400;\">.<\/span><\/p><p><em><strong>\u201eC\u00e2nd au fost alegerile preziden\u021biale \u00een Fran\u021ba, \u00eentreg semestrul a fost adaptat pe baza lor. La cursurile de analiz\u0103 politic\u0103, am discutat despre fiecare candidat, despre programul lui, despre strategiile de comunicare. Am f\u0103cut dezbateri, simul\u0103ri, ne-au pus s\u0103 ne asum\u0103m roluri \u0219i s\u0103 ne preg\u0103tim ca \u0219i cum am fi parte dintr-o campanie electoral\u0103 adev\u0103rat\u0103.\u201d<\/strong><\/em><\/p><p><span style=\"font-weight: 400;\">Totul era g\u00e2ndit \u201e\u00een profunzime\u201d, poveste\u0219te ea. Nu se \u00eenv\u0103\u021ba doar teorie, ci <\/span><b>se exersa privirea critic\u0103 asupra realit\u0103\u021bii<\/b><span style=\"font-weight: 400;\">.\u00a0<\/span><\/p><p><span style=\"font-weight: 400;\">\u00cen s\u0103pt\u0103m\u00e2na dezbaterii televizate dintre candida\u021bi, facultatea a organizat o sear\u0103 special\u0103: <\/span><b>proiector mare \u0219i comentarii live<\/b><span style=\"font-weight: 400;\">. Totul \u00eenso\u021bit, a doua zi, de o analiz\u0103 rece \u0219i structurat\u0103 \u00een clas\u0103.<\/span><\/p><p><span style=\"font-weight: 400;\">Aceea\u0219i abordare a fost aplicat\u0103 \u0219i \u00een cazul alegerilor din Germania, ale Brexitului sau \u00een timpul campaniilor populiste din Europa.<\/span><\/p><p><em><b>\u201eAm studiat \u00een detaliu afi\u0219ul lui Nigel Farage, cel cu migran\u021bii. Ne-au \u00eenv\u0103\u021bat cum s\u0103 verific\u0103m imaginile din afi\u0219e folosind Google Images ca s\u0103 vedem dac\u0103 sunt scoase din context. A\u0219a am aflat c\u0103 fotografia respectiv\u0103 nu era din UK, cum sugera campania.\u201d<\/b><\/em><\/p><p><span style=\"font-weight: 400;\">Astfel de exerci\u021bii nu sunt excep\u021bii, ci parte integrant\u0103 din educa\u021bia de zi cu zi la Sciences Po.<\/span><\/p>\t\t\t\t\t\t\t\t<\/div>\n\t\t\t\t\t<\/div>\n\t\t\t\t<\/div>\n\t\t<div class=\"elementor-element elementor-element-3efec67 e-flex e-con-boxed e-con e-parent\" data-id=\"3efec67\" data-element_type=\"container\" data-e-type=\"container\">\n\t\t\t\t\t<div class=\"e-con-inner\">\n\t\t\t\t<div class=\"elementor-element elementor-element-147bd13 elementor-widget elementor-widget-text-editor\" data-id=\"147bd13\" data-element_type=\"widget\" data-e-type=\"widget\" data-widget_type=\"text-editor.default\">\n\t\t\t\t\t\t\t\t\t<h2><b>De la discurs la dezbatere: oratoria devine competen\u021b\u0103 academic\u0103<\/b><\/h2><p><span style=\"font-weight: 400;\">Un alt lucru care i-a r\u0103mas Ioanei \u00eentip\u0103rit \u00een minte a fost accentul pus pe <\/span><b>\u201eperformative eloquence\u201d<\/b><span style=\"font-weight: 400;\"> \u2013 arta discursului sus\u021binut nu doar prin con\u021binut, ci \u0219i prin gestic\u0103, intona\u021bie, prezen\u021b\u0103 scenic\u0103.<\/span><\/p><p><em><strong>\u201eLa \u00eenceput mi se p\u0103rea ciudat c\u00e2t de teatral era totul. Dar apoi am \u00een\u021beles c\u0103 nu e vorba doar s\u0103 \u0219tii ce spui, ci \u0219i cum o faci. Scriam discursuri, le prezentam, \u00eenv\u0103\u021bam dic\u021bie, controlul gesturilor, timing, totul.\u201d<\/strong><\/em><\/p><p><span style=\"font-weight: 400;\">Se combinau elemente de creative writing cu analiz\u0103 politic\u0103 \u0219i tehnici de retoric\u0103. Un discurs bun nu \u00eensemna doar con\u021binut conving\u0103tor, ci \u0219i capacitatea de a crea emo\u021bie, de a capta aten\u021bia \u0219i de a \u201e\u021bine publicul\u201d.\u00a0<\/span><\/p><p><span style=\"font-weight: 400;\">Ioana mai \u021binuse discursuri \u0219i p\u00e2n\u0103 atunci \u2013 participase, \u00een liceu, la tot soiul de conferin\u021be \u0219i vorbise chiar \u0219i \u00een Parlamentul European. Cu toate acestea, a impresionat-o profund c\u00e2t de riguros era tratat\u0103 oratoria la facultate.<\/span><\/p><p><span style=\"font-weight: 400;\">\u00cen plus, studen\u021bii <\/span><b>erau antrena\u021bi s\u0103 r\u0103spund\u0103 \u00eentreb\u0103rilor dificile din partea profesorilor<\/b><span style=\"font-weight: 400;\">, care erau, de multe ori, speciali\u0219ti recunoscu\u021bi \u00een domeniu. Astfel, \u00eenv\u0103\u021bai nu doar s\u0103 sus\u021bii o opinie, ci \u0219i s\u0103 o aperi documentat.<\/span><\/p>\t\t\t\t\t\t\t\t<\/div>\n\t\t\t\t\t<\/div>\n\t\t\t\t<\/div>\n\t\t<div class=\"elementor-element elementor-element-64a91fb e-flex e-con-boxed e-con e-parent\" data-id=\"64a91fb\" data-element_type=\"container\" data-e-type=\"container\">\n\t\t\t\t\t<div class=\"e-con-inner\">\n\t\t\t\t<div class=\"elementor-element elementor-element-30fb6b7 elementor-widget elementor-widget-text-editor\" data-id=\"30fb6b7\" data-element_type=\"widget\" data-e-type=\"widget\" data-widget_type=\"text-editor.default\">\n\t\t\t\t\t\t\t\t\t<h2><b>Facultatea e un ecosistem politic (partide simulate, consilii, invita\u021bi de top)<\/b><\/h2><p><span style=\"font-weight: 400;\">Sciences Po func\u021bioneaz\u0103 aproape ca un microcosmos politic. <\/span><b>\u00cen campus exist\u0103 asocia\u021bii studen\u021be\u0219ti care imit\u0103 partidele politice reale<\/b><span style=\"font-weight: 400;\"> \u2013 \u201estuden\u021bii pentru liberalism\u201d, \u201estuden\u021bii pentru st\u00e2nga\u201d, etc. Se organizeaz\u0103 alegeri interne, exist\u0103 un consiliu al reprezentan\u021bilor, se redacteaz\u0103 programe \u0219i se \u021bin dezbateri.<\/span><\/p><p><em><strong>\u201eA fost chiar o vizit\u0103 a lui Fran\u00e7ois Hollande \u00een campus. A \u021binut un discurs despre viitorul Uniunii Europene \u0219i a spa\u021biului franco-german. A\u0219a ceva nu e deloc neobi\u0219nuit la Sciences Po. Politicienii v\u0103d facult\u0103\u021bile de \u0219tiin\u021be politice ca pe ni\u0219te pepiniere de viitori lideri sau consultan\u021bi.\u201d<\/strong><\/em><\/p><p><span style=\"font-weight: 400;\">\u00cen plus, aproape \u00een fiecare s\u0103pt\u0103m\u00e2n\u0103 veneau invita\u021bi: fo\u0219ti mini\u0219tri, exper\u021bi \u00een politici publice, jurnali\u0219ti politici, care vorbeau deschis cu studen\u021bii. Nu era doar educa\u021bie teoretic\u0103, ci <\/span><b>confruntare constant\u0103 cu realitatea politic\u0103 contemporan\u0103<\/b><span style=\"font-weight: 400;\">.<\/span><\/p>\t\t\t\t\t\t\t\t<\/div>\n\t\t\t\t<div class=\"elementor-element elementor-element-c51697d elementor-widget elementor-widget-image\" data-id=\"c51697d\" data-element_type=\"widget\" data-e-type=\"widget\" data-widget_type=\"image.default\">\n\t\t\t\t\t\t\t\t\t\t\t\t\t\t\t<img fetchpriority=\"high\" decoding=\"async\" width=\"800\" height=\"1067\" src=\"https:\/\/upgrade.education\/wp-content\/uploads\/2025\/05\/panel-sc-po-960x1280.jpeg\" class=\"attachment-large size-large wp-image-11032\" alt=\"Sal\u0103 de bal elegant\u0103 cu tavan pictat \u0219i candelabre, unde un grup numeros de studen\u021bi, \u00eembr\u0103ca\u021bi formal, danseaz\u0103 \u0219i socializeaz\u0103 la un eveniment organizat de Sciences Po.\" srcset=\"https:\/\/upgrade.education\/wp-content\/uploads\/2025\/05\/panel-sc-po-960x1280.jpeg 960w, https:\/\/upgrade.education\/wp-content\/uploads\/2025\/05\/panel-sc-po-450x600.jpeg 450w, https:\/\/upgrade.education\/wp-content\/uploads\/2025\/05\/panel-sc-po-768x1024.jpeg 768w, https:\/\/upgrade.education\/wp-content\/uploads\/2025\/05\/panel-sc-po-1152x1536.jpeg 1152w, https:\/\/upgrade.education\/wp-content\/uploads\/2025\/05\/panel-sc-po-9x12.jpeg 9w, https:\/\/upgrade.education\/wp-content\/uploads\/2025\/05\/panel-sc-po.jpeg 1200w\" sizes=\"(max-width: 800px) 100vw, 800px\" \/>\t\t\t\t\t\t\t\t\t\t\t\t\t\t\t<\/div>\n\t\t\t\t\t<\/div>\n\t\t\t\t<\/div>\n\t\t<div class=\"elementor-element elementor-element-3a638cb e-flex e-con-boxed e-con e-parent\" data-id=\"3a638cb\" data-element_type=\"container\" data-e-type=\"container\">\n\t\t\t\t\t<div class=\"e-con-inner\">\n\t\t\t\t<div class=\"elementor-element elementor-element-9b02102 elementor-widget elementor-widget-text-editor\" data-id=\"9b02102\" data-element_type=\"widget\" data-e-type=\"widget\" data-widget_type=\"text-editor.default\">\n\t\t\t\t\t\t\t\t\t<h2><b>Politolog, nu politician. \u0218i asta face o mare diferen\u021b\u0103.<\/b><\/h2><p><span style=\"font-weight: 400;\">Un principiu de baz\u0103 predat la Sciences Po este c\u0103 <\/span><b>studiile \u00een \u0219tiin\u021be politice nu te fac politician<\/b><span style=\"font-weight: 400;\">, ci expert. Politicienii vin din tot felul de domenii, dar ca s\u0103 ai un rol real \u00een \u00een\u021belegerea \u0219i construirea politicii, <\/span><b>trebuie s\u0103 \u00eenve\u021bi cum func\u021bioneaz\u0103 institu\u021biile<\/b><span style=\"font-weight: 400;\">, cum se elaboreaz\u0103 legile, care sunt mecanismele de consultare public\u0103 sau cum func\u021bioneaz\u0103 sistemele constitu\u021bionale.<\/span><\/p><p><em><strong>\u201eProfesorii ne spuneau mereu c\u0103 dac\u0103 vrem s\u0103 facem politic\u0103 \u00eentr-un stat, trebuie s\u0103-i cunoa\u0219tem foarte bine sistemul. Iar cei mai mul\u021bi colegi de-ai mei nici nu voiau s\u0103 intre \u00een partide, ci s\u0103 lucreze \u00een consultan\u021b\u0103, administra\u021bie public\u0103, organiza\u021bii interna\u021bionale.\u201d<\/strong><\/em><\/p><p><span style=\"font-weight: 400;\">Aceast\u0103 <\/span><b>nuan\u021b\u0103 \u00eentre a fi \u201eimplicat politic\u201d \u0219i a fi \u201eactor politic\u201d<\/b><span style=\"font-weight: 400;\"> este una esen\u021bial\u0103 \u00een formarea pe care o ofer\u0103 Sciences Po.<\/span><\/p>\t\t\t\t\t\t\t\t<\/div>\n\t\t\t\t\t<\/div>\n\t\t\t\t<\/div>\n\t\t<div class=\"elementor-element elementor-element-2f5620e e-flex e-con-boxed e-con e-parent\" data-id=\"2f5620e\" data-element_type=\"container\" data-e-type=\"container\">\n\t\t\t\t\t<div class=\"e-con-inner\">\n\t\t\t\t<div class=\"elementor-element elementor-element-046a85b elementor-widget elementor-widget-text-editor\" data-id=\"046a85b\" data-element_type=\"widget\" data-e-type=\"widget\" data-widget_type=\"text-editor.default\">\n\t\t\t\t\t\t\t\t\t<h2><b>Nu e o facultate pentru indeci\u0219i<\/b><\/h2>\n<p><span style=\"font-weight: 400;\">\u00cen Rom\u00e2nia exist\u0103 adesea prejudecata c\u0103 dac\u0103 nu \u0219tii ce vrei s\u0103 faci, te duci la rela\u021bii interna\u021bionale sau \u0219tiin\u021be politice. Realitatea este \u00eens\u0103 c\u0103 un astfel de program universitar cere un nivel ridicat de dedicare.<\/span><\/p>\n<p><em><strong>\u201eTrebuia s\u0103 citim enorm \u2013 \u00een jur de 450 de pagini pe s\u0103pt\u0103m\u00e2n\u0103. Dar, mai ales, trebuia s\u0103 fii mereu racordat la actualitate. S\u0103 \u0219tii ce se \u00eent\u00e2mpl\u0103 \u00een Europa, \u00een Orientul Mijlociu, \u00een SUA. F\u0103r\u0103 pasiune real\u0103 pentru politic\u0103, nu aveai nicio \u0219ans\u0103.\u201d<\/strong><\/em><\/p>\n<p><span style=\"font-weight: 400;\">E un domeniu \u00een care nu supravie\u021buie\u0219ti doar cu diploma. <\/span><b>Ai nevoie de curiozitate constant\u0103, de capacitatea de a conecta informa\u021bii, de a recunoa\u0219te modele \u0219i de a naviga printre nuan\u021be.<\/b><\/p>\t\t\t\t\t\t\t\t<\/div>\n\t\t\t\t<div class=\"elementor-element elementor-element-4d0c5fc elementor-widget elementor-widget-image\" data-id=\"4d0c5fc\" data-element_type=\"widget\" data-e-type=\"widget\" data-widget_type=\"image.default\">\n\t\t\t\t\t\t\t\t\t\t\t\t\t\t\t<img decoding=\"async\" width=\"800\" height=\"1067\" src=\"https:\/\/upgrade.education\/wp-content\/uploads\/2025\/05\/bal-sc-po-960x1280.jpeg\" class=\"attachment-large size-large wp-image-11033\" alt=\"\" srcset=\"https:\/\/upgrade.education\/wp-content\/uploads\/2025\/05\/bal-sc-po-960x1280.jpeg 960w, https:\/\/upgrade.education\/wp-content\/uploads\/2025\/05\/bal-sc-po-450x600.jpeg 450w, https:\/\/upgrade.education\/wp-content\/uploads\/2025\/05\/bal-sc-po-768x1024.jpeg 768w, https:\/\/upgrade.education\/wp-content\/uploads\/2025\/05\/bal-sc-po-1152x1536.jpeg 1152w, https:\/\/upgrade.education\/wp-content\/uploads\/2025\/05\/bal-sc-po-9x12.jpeg 9w, https:\/\/upgrade.education\/wp-content\/uploads\/2025\/05\/bal-sc-po.jpeg 1200w\" sizes=\"(max-width: 800px) 100vw, 800px\" \/>\t\t\t\t\t\t\t\t\t\t\t\t\t\t\t<\/div>\n\t\t\t\t\t<\/div>\n\t\t\t\t<\/div>\n\t\t<div class=\"elementor-element elementor-element-0668563 e-flex e-con-boxed e-con e-parent\" data-id=\"0668563\" data-element_type=\"container\" data-e-type=\"container\">\n\t\t\t\t\t<div class=\"e-con-inner\">\n\t\t\t\t<div class=\"elementor-element elementor-element-37d3a14 elementor-widget elementor-widget-text-editor\" data-id=\"37d3a14\" data-element_type=\"widget\" data-e-type=\"widget\" data-widget_type=\"text-editor.default\">\n\t\t\t\t\t\t\t\t\t<h2><b>De ce conteaz\u0103 aceast\u0103 educa\u021bie mai ales acum?<\/b><\/h2>\n<p><span style=\"font-weight: 400;\">\u00centr-un context politic tensionat, cum e cel din Rom\u00e2nia anului 2025, interesul pentru politic\u0103 explodeaz\u0103, dar uneori superficial. Tocmai de aceea, un program precum cel de la Sciences Po are valoare nu doar profesional\u0103, ci <\/span><b>civic\u0103<\/b><span style=\"font-weight: 400;\">.&nbsp;<\/span><\/p><p><span style=\"font-weight: 400;\">\u00cei \u00eenva\u021b\u0103 pe tineri cum s\u0103 g\u00e2ndeasc\u0103 critic, cum s\u0103 recunoasc\u0103 manipularea, cum s\u0103 analizeze, s\u0103 argumenteze \u0219i s\u0103 participe informat la via\u021ba democratic\u0103.<\/span><\/p>\n<p><span style=\"font-weight: 400;\">\u0218i poate, mai important dec\u00e2t orice, \u00eei \u00eenva\u021b\u0103 c\u0103 <\/span><b>politica nu \u00eencepe \u0219i nu se termin\u0103 cu alegerile<\/b><span style=\"font-weight: 400;\">, ci e prezent\u0103 \u00een fiecare zi, \u00een deciziile mari \u0219i mici care ne modeleaz\u0103 via\u021ba.<\/span><\/p>\t\t\t\t\t\t\t\t<\/div>\n\t\t\t\t\t<\/div>\n\t\t\t\t<\/div>\n\t\t<div class=\"elementor-element elementor-element-a37ea52 e-flex e-con-boxed e-con e-parent\" data-id=\"a37ea52\" data-element_type=\"container\" data-e-type=\"container\">\n\t\t\t\t\t<div class=\"e-con-inner\">\n\t\t\t\t<div class=\"elementor-element elementor-element-f20c3c2 elementor-widget elementor-widget-text-editor\" data-id=\"f20c3c2\" data-element_type=\"widget\" data-e-type=\"widget\" data-widget_type=\"text-editor.default\">\n\t\t\t\t\t\t\t\t\t<h2>FAQ<\/h2>\n<h3>Ce po\u021bi face dup\u0103 ce termini Sciences Po?<\/h3>\n<p class=\"\" data-start=\"338\" data-end=\"766\">Absolven\u021bii Sciences Po ajung \u00een domenii precum consultan\u021b\u0103 politic\u0103, administra\u021bie public\u0103, jurnalism, ONG-uri, diploma\u021bie, organiza\u021bii interna\u021bionale (precum ONU, UE, Banca Mondial\u0103), dar \u0219i <b>\u00een mediul academic sau \u00een sectorul privat<\/b>, \u00een think tank-uri \u0219i companii de analiz\u0103 politic\u0103.\u00a0<\/p>\n<p class=\"\" data-start=\"338\" data-end=\"766\"><b>Mul\u021bi aleg s\u0103-\u0219i continue studiile cu un master sau doctorat<\/b> \u00een domenii conexe: rela\u021bii interna\u021bionale, politici publice, drept sau economie.<\/p>\n<h3>C\u00e2t de greu e s\u0103 intri la \u0219tiin\u021be politice la Sciences Po?<\/h3>\n<p data-start=\"338\" data-end=\"766\"><strong data-start=\"1155\" data-end=\"1222\">Rata general\u0103 de acceptare la Sciences Po este \u00een jur de 14\u201320%<\/strong>, dar variaz\u0103 \u00een func\u021bie de campus \u0219i program.<\/p>\n<p data-start=\"338\" data-end=\"766\"><strong>La Upgrade, avem o rat\u0103 de 60% pentru elevii no\u0219tri.\u00a0<\/strong><\/p>\n<h3>Exist\u0103 burse pentru studen\u021bii rom\u00e2ni?<\/h3>\n<p data-start=\"338\" data-end=\"766\">Da, exist\u0103 \u0219i ajutor financiar \u0219i burse. Acestea sunt bazate pe veniturile familiei \u2013 astfel \u00eenc\u00e2t Sciences Po devine o op\u021biune accesibil\u0103 pentru mul\u021bi studen\u021bi.<\/p>\t\t\t\t\t\t\t\t<\/div>\n\t\t\t\t\t<\/div>\n\t\t\t\t<\/div>\n\t\t<div class=\"elementor-element elementor-element-10e3180 e-flex e-con-boxed e-con e-parent\" data-id=\"10e3180\" data-element_type=\"container\" data-e-type=\"container\">\n\t\t\t\t\t<div class=\"e-con-inner\">\n\t\t\t\t<div class=\"elementor-element elementor-element-17c869e elementor-widget elementor-widget-text-editor\" data-id=\"17c869e\" data-element_type=\"widget\" data-e-type=\"widget\" data-widget_type=\"text-editor.default\">\n\t\t\t\t\t\t\t\t\t<p>Te intereseaz\u0103 rela\u021bia tinerilor cu politica, precum \u0219i ce competen\u021be esen\u021biale pot transforma implicarea civic\u0103? Am scris un articol \u0219i despre asta <a href=\"https:\/\/upgrade.education\/ro\/blog\/tinerii-din-romania-si-implicarea-civica\/\">aici<\/a>.<\/p><p>Vrei s\u0103 descoperi pa\u0219ii necesari pentru a fi admis la Sciences Po?\u00a0<b>Programeaz\u0103 o \u00eent\u00e2lnire gratuit\u0103 <a href=\"https:\/\/eu1.hubs.ly\/H0jVlvk0\">aici<\/a>.\u00a0<\/b><\/p>\t\t\t\t\t\t\t\t<\/div>\n\t\t\t\t\t<\/div>\n\t\t\t\t<\/div>\n\t\t\t\t<\/div>",
        "protected": false
    },
    "excerpt": {
        "rendered": "<p>Ioana Cernat a studiat \u0219tiin\u021be politice la Sciences Po, una dintre cele mai respectate institu\u021bii de \u00eenv\u0103\u021b\u0103m\u00e2nt superior din Europa.\u00a0 C\u00e2nd vorbe\u0219te despre anii ei de facultate, o face cu luciditate \u0219i cu un soi de pasiune calm\u0103. F\u0103r\u0103 cli\u0219ee \u0219i f\u0103r\u0103 romantism gratuit, dar cu convingerea c\u0103 educa\u021bia politic\u0103 adev\u0103rat\u0103 nu are loc doar [&hellip;]<\/p>",
        "protected": false
    },
    "author": 3,
    "featured_media": 11031,
    "comment_status": "open",
    "ping_status": "closed",
    "sticky": false,
    "template": "",
    "format": "standard",
    "meta": {
        "_acf_changed": false,
        "content-type": "",
        "footnotes": ""
    },
    "categories": [
        24
    ],
    "tags": [
        136,
        132,
        133,
        137,
        129,
        135,
        130,
        134,
        131
    ],
    "class_list": [
        "post-10951",
        "post",
        "type-post",
        "status-publish",
        "format-standard",
        "has-post-thumbnail",
        "hentry",
        "category-blog-ro",
        "tag-burse-pentru-studii",
        "tag-educatie-politica",
        "tag-facultate-in-franta",
        "tag-interviu-student-sciences-po",
        "tag-sciences-po",
        "tag-sistem-educational-francez",
        "tag-stiinte-politice",
        "tag-student-roman-in-strainatate",
        "tag-studii-in-strainatate"
    ],
    "acf": [],
    "_links": {
        "self": [
            {
                "href": "https:\/\/upgrade.education\/en\/wp-json\/wp\/v2\/posts\/10951",
                "targetHints": {
                    "allow": [
                        "GET"
                    ]
                }
            }
        ],
        "collection": [
            {
                "href": "https:\/\/upgrade.education\/en\/wp-json\/wp\/v2\/posts"
            }
        ],
        "about": [
            {
                "href": "https:\/\/upgrade.education\/en\/wp-json\/wp\/v2\/types\/post"
            }
        ],
        "author": [
            {
                "embeddable": true,
                "href": "https:\/\/upgrade.education\/en\/wp-json\/wp\/v2\/users\/3"
            }
        ],
        "replies": [
            {
                "embeddable": true,
                "href": "https:\/\/upgrade.education\/en\/wp-json\/wp\/v2\/comments?post=10951"
            }
        ],
        "version-history": [
            {
                "count": 26,
                "href": "https:\/\/upgrade.education\/en\/wp-json\/wp\/v2\/posts\/10951\/revisions"
            }
        ],
        "predecessor-version": [
            {
                "id": 11043,
                "href": "https:\/\/upgrade.education\/en\/wp-json\/wp\/v2\/posts\/10951\/revisions\/11043"
            }
        ],
        "wp:featuredmedia": [
            {
                "embeddable": true,
                "href": "https:\/\/upgrade.education\/en\/wp-json\/wp\/v2\/media\/11031"
            }
        ],
        "wp:attachment": [
            {
                "href": "https:\/\/upgrade.education\/en\/wp-json\/wp\/v2\/media?parent=10951"
            }
        ],
        "wp:term": [
            {
                "taxonomy": "category",
                "embeddable": true,
                "href": "https:\/\/upgrade.education\/en\/wp-json\/wp\/v2\/categories?post=10951"
            },
            {
                "taxonomy": "post_tag",
                "embeddable": true,
                "href": "https:\/\/upgrade.education\/en\/wp-json\/wp\/v2\/tags?post=10951"
            }
        ],
        "curies": [
            {
                "name": "wp",
                "href": "https:\/\/api.w.org\/{rel}",
                "templated": true
            }
        ]
    }
}